{"id":17416,"date":"2024-11-16T19:31:44","date_gmt":"2024-11-16T18:31:44","guid":{"rendered":"https:\/\/hivefive.ad\/inauguracio-hive-five-coworking\/"},"modified":"2026-08-20T11:06:58","modified_gmt":"2026-08-20T09:06:58","slug":"inauguracio-hive-five-coworking","status":"publish","type":"post","link":"https:\/\/hivefive.ad\/es\/inauguracio-hive-five-coworking\/","title":{"rendered":"Hive Five Coworking Andorra inaugura un nou espai \u00fanic al pa\u00eds amb serveis pioners i nova imatge corporativa."},"content":{"rendered":"<p><strong>Coincidint amb el quart aniversari del coworking andorr\u00e0, Hive Five disposar\u00e0 tamb\u00e9 d\u2019un gimn\u00e0s i una sala de p\u00f2dcast per a tots els usuaris.<\/strong><\/p>\n<p>Hive Five Coworking Andorra amplia el seu espai amb m\u00e9s de mil metres incloent \u00e0rees pioneres i serveis exclusius en el sector al pa\u00eds. El nou espai, ubicat al mateix edifici on es troba actualment el Hive Five, disposa d\u2019un gimn\u00e0s, \u00a0una sala de p\u00f2dcast equipada amb tecnologia avan\u00e7ada i una \u00e0rea polivalent amb capacitat per 90 persones, una combinaci\u00f3 \u00fanica en un espai de coworking a Andorra. \u201cEs tracta d\u2019una nova etapa que referma la voluntat de seguir creixent\u201d, destacava Turi Mora, fundador d\u2019Univers Bomosa.<\/p>\n<p>Aquestes novetats no nom\u00e9s cobreixen les necessitats de productivitat, sin\u00f3 que tamb\u00e9 responen a la demanda de benestar i creativitat, aspectes clau per als professionals moderns. Tal com ha destacat el CEO de Bomosa, Marc Tal\u00f3, \u00abHive Five \u00e9s m\u00e9s que un espai f\u00edsic; \u00e9s un en clau on connectar i crear sinergies\u00a0 professionals i personals. Aquest nou espai \u00e9s una aposta i clara millora d\u2019aquesta visi\u00f3.\u00bb<\/p>\n<p>L\u2019ampliaci\u00f3 tamb\u00e9 marca un moment hist\u00f2ric per a Hive Five amb la introducci\u00f3 del primer reglament de coworking a Andorra, treballat conjuntament amb el Govern d\u2019Andorra, unes directrius que garantir\u00e0 una experi\u00e8ncia d&#8217;usuari equilibrada, ordenada i respectuosa amb tots els membres. \u00abel reglament ens ha perm\u00e8s establir normes clares i un marc de conviv\u00e8ncia que afavoreix la productivitat i el benestar de tots els que formem part dels espais de cotreball\u00bb, afegeix Tal\u00f3.<\/p>\n<p><strong style=\"font-family: Sora, sans-serif; font-size: revert;\">Una nova imatge corporativa que simbolitza el creixement i la innovaci\u00f3<\/strong><\/p>\n<p>A m\u00e9s de les novetats en els espais, Hive Five ha presentat tamb\u00e9 una nova imatge corporativa que representa la seva visi\u00f3 renovada i el seu comprom\u00eds amb la innovaci\u00f3, la col\u00b7laboraci\u00f3 i la sostenibilitat. Aquest canvi d\u2019imatge reflecteix l\u2019ess\u00e8ncia de Hive Five com a referent innovador i l\u2019objectiu de crear un espai on els professionals no nom\u00e9s treballin, sin\u00f3 que tamb\u00e9 es desenvolupin i s\u2019enriqueixin amb l\u2019intercanvi d\u2019idees i experi\u00e8ncies.<\/p>\n<p>Aquest nou cap\u00edtol de Hive Five Coworking Andorra coincideix amb el seu 4t aniversari i representa un comprom\u00eds amb l\u2019evoluci\u00f3 de la cultura de treball al pa\u00eds. Amb cada nova iniciativa, Hive Five aspira a transformar l\u2019experi\u00e8ncia laboral i de networking al Principat. La inauguraci\u00f3 d\u2019aquest nou espai \u00e9s nom\u00e9s una mostra de la dedicaci\u00f3 de Hive Five a reinventar-se i a innovar constantment, anticipant les necessitats d\u2019una comunitat professional en creixement.<\/p>\n<p>\u00c9s la primera de moltes fites en el cam\u00ed per construir una xarxa vibrant de col\u00b7laboraci\u00f3, talent i oportunitats que inspirin a la comunitat d\u2019Andorra a continuar creixent i evolucionant.<\/p>\n","protected":false},"excerpt":{"rendered":"<p>Coincidint amb el quart aniversari del coworking andorr\u00e0, Hive Five disposar\u00e0 tamb\u00e9 [&hellip;]<\/p>\n","protected":false},"author":1,"featured_media":17417,"comment_status":"open","ping_status":"open","sticky":false,"template":"","format":"standard","meta":{"footnotes":""},"categories":[155],"tags":[],"class_list":["post-17416","post","type-post","status-publish","format-standard","has-post-thumbnail","hentry","category-hive-five"],"yoast_head":"<!-- This site is optimized with the Yoast SEO plugin v28.2 - https:\/\/yoast.com\/product\/yoast-seo-wordpress\/ -->\n<title>Hive Five Coworking Andorra inaugura un nou espai \u00fanic al pa\u00eds amb serveis pioners i nova imatge corporativa. | Hive Five<\/title>\n<meta name=\"robots\" content=\"index, follow, max-snippet:-1, max-image-preview:large, max-video-preview:-1\" \/>\n<link rel=\"canonical\" href=\"https:\/\/hivefive.ad\/es\/inauguracio-hive-five-coworking\/\" \/>\n<meta property=\"og:locale\" content=\"es_ES\" \/>\n<meta property=\"og:type\" content=\"article\" \/>\n<meta property=\"og:title\" content=\"Hive Five Coworking Andorra inaugura un nou espai \u00fanic al pa\u00eds amb serveis pioners i nova imatge corporativa. | Hive Five\" \/>\n<meta property=\"og:description\" content=\"Coincidint amb el quart aniversari del coworking andorr\u00e0, Hive Five disposar\u00e0 tamb\u00e9 [&hellip;]\" \/>\n<meta property=\"og:url\" content=\"https:\/\/hivefive.ad\/es\/inauguracio-hive-five-coworking\/\" \/>\n<meta property=\"og:site_name\" content=\"Hive Five\" \/>\n<meta property=\"article:publisher\" content=\"https:\/\/www.facebook.com\/HiveFiveAd\" \/>\n<meta property=\"article:published_time\" content=\"2024-11-16T18:31:44+00:00\" \/>\n<meta property=\"article:modified_time\" content=\"2026-08-20T09:06:58+00:00\" \/>\n<meta property=\"og:image\" content=\"https:\/\/hivefive.ad\/wp-content\/uploads\/2024\/11\/inauguracio-Hive-Five.jpg\" \/>\n\t<meta property=\"og:image:width\" content=\"1200\" \/>\n\t<meta property=\"og:image:height\" content=\"800\" \/>\n\t<meta property=\"og:image:type\" content=\"image\/jpeg\" \/>\n<meta name=\"author\" content=\"admin\" \/>\n<meta name=\"twitter:card\" content=\"summary_large_image\" \/>\n<meta name=\"twitter:label1\" content=\"Escrito por\" \/>\n\t<meta name=\"twitter:data1\" content=\"admin\" \/>\n\t<meta name=\"twitter:label2\" content=\"Tiempo de lectura\" \/>\n\t<meta name=\"twitter:data2\" content=\"2 minutos\" \/>\n<script type=\"application\/ld+json\" class=\"yoast-schema-graph\">{\"@context\":\"https:\\\/\\\/schema.org\",\"@graph\":[{\"@type\":\"Article\",\"@id\":\"https:\\\/\\\/hivefive.ad\\\/es\\\/inauguracio-hive-five-coworking\\\/#article\",\"isPartOf\":{\"@id\":\"https:\\\/\\\/hivefive.ad\\\/es\\\/inauguracio-hive-five-coworking\\\/\"},\"author\":{\"name\":\"admin\",\"@id\":\"https:\\\/\\\/hivefive.ad\\\/es\\\/#\\\/schema\\\/person\\\/eea0b90f58319f98dc9dbdf05a3b0087\"},\"headline\":\"Hive Five Coworking Andorra inaugura un nou espai \u00fanic al pa\u00eds amb serveis pioners i nova imatge corporativa.\",\"datePublished\":\"2024-11-16T18:31:44+00:00\",\"dateModified\":\"2026-08-20T09:06:58+00:00\",\"mainEntityOfPage\":{\"@id\":\"https:\\\/\\\/hivefive.ad\\\/es\\\/inauguracio-hive-five-coworking\\\/\"},\"wordCount\":497,\"commentCount\":0,\"publisher\":{\"@id\":\"https:\\\/\\\/hivefive.ad\\\/es\\\/#organization\"},\"image\":{\"@id\":\"https:\\\/\\\/hivefive.ad\\\/es\\\/inauguracio-hive-five-coworking\\\/#primaryimage\"},\"thumbnailUrl\":\"https:\\\/\\\/hivefive.ad\\\/wp-content\\\/uploads\\\/2024\\\/11\\\/inauguracio-Hive-Five.jpg\",\"articleSection\":[\"Hive Five\"],\"inLanguage\":\"es\",\"potentialAction\":[{\"@type\":\"CommentAction\",\"name\":\"Comment\",\"target\":[\"https:\\\/\\\/hivefive.ad\\\/es\\\/inauguracio-hive-five-coworking\\\/#respond\"]}]},{\"@type\":\"WebPage\",\"@id\":\"https:\\\/\\\/hivefive.ad\\\/es\\\/inauguracio-hive-five-coworking\\\/\",\"url\":\"https:\\\/\\\/hivefive.ad\\\/es\\\/inauguracio-hive-five-coworking\\\/\",\"name\":\"Hive Five Coworking Andorra inaugura un nou espai \u00fanic al pa\u00eds amb serveis pioners i nova imatge corporativa. | Hive Five\",\"isPartOf\":{\"@id\":\"https:\\\/\\\/hivefive.ad\\\/es\\\/#website\"},\"primaryImageOfPage\":{\"@id\":\"https:\\\/\\\/hivefive.ad\\\/es\\\/inauguracio-hive-five-coworking\\\/#primaryimage\"},\"image\":{\"@id\":\"https:\\\/\\\/hivefive.ad\\\/es\\\/inauguracio-hive-five-coworking\\\/#primaryimage\"},\"thumbnailUrl\":\"https:\\\/\\\/hivefive.ad\\\/wp-content\\\/uploads\\\/2024\\\/11\\\/inauguracio-Hive-Five.jpg\",\"datePublished\":\"2024-11-16T18:31:44+00:00\",\"dateModified\":\"2026-08-20T09:06:58+00:00\",\"breadcrumb\":{\"@id\":\"https:\\\/\\\/hivefive.ad\\\/es\\\/inauguracio-hive-five-coworking\\\/#breadcrumb\"},\"inLanguage\":\"es\",\"potentialAction\":[{\"@type\":\"ReadAction\",\"target\":[\"https:\\\/\\\/hivefive.ad\\\/es\\\/inauguracio-hive-five-coworking\\\/\"]}]},{\"@type\":\"ImageObject\",\"inLanguage\":\"es\",\"@id\":\"https:\\\/\\\/hivefive.ad\\\/es\\\/inauguracio-hive-five-coworking\\\/#primaryimage\",\"url\":\"https:\\\/\\\/hivefive.ad\\\/wp-content\\\/uploads\\\/2024\\\/11\\\/inauguracio-Hive-Five.jpg\",\"contentUrl\":\"https:\\\/\\\/hivefive.ad\\\/wp-content\\\/uploads\\\/2024\\\/11\\\/inauguracio-Hive-Five.jpg\",\"width\":1200,\"height\":800},{\"@type\":\"BreadcrumbList\",\"@id\":\"https:\\\/\\\/hivefive.ad\\\/es\\\/inauguracio-hive-five-coworking\\\/#breadcrumb\",\"itemListElement\":[{\"@type\":\"ListItem\",\"position\":1,\"name\":\"Inici\",\"item\":\"https:\\\/\\\/hivefive.ad\\\/es\\\/\"},{\"@type\":\"ListItem\",\"position\":2,\"name\":\"Hive Five Coworking Andorra inaugura un nou espai \u00fanic al pa\u00eds amb serveis pioners i nova imatge corporativa.\"}]},{\"@type\":\"WebSite\",\"@id\":\"https:\\\/\\\/hivefive.ad\\\/es\\\/#website\",\"url\":\"https:\\\/\\\/hivefive.ad\\\/es\\\/\",\"name\":\"Hive Five\",\"description\":\"El teu coworking a Andorra\",\"publisher\":{\"@id\":\"https:\\\/\\\/hivefive.ad\\\/es\\\/#organization\"},\"potentialAction\":[{\"@type\":\"SearchAction\",\"target\":{\"@type\":\"EntryPoint\",\"urlTemplate\":\"https:\\\/\\\/hivefive.ad\\\/es\\\/?s={search_term_string}\"},\"query-input\":{\"@type\":\"PropertyValueSpecification\",\"valueRequired\":true,\"valueName\":\"search_term_string\"}}],\"inLanguage\":\"es\"},{\"@type\":\"Organization\",\"@id\":\"https:\\\/\\\/hivefive.ad\\\/es\\\/#organization\",\"name\":\"Hive Five\",\"url\":\"https:\\\/\\\/hivefive.ad\\\/es\\\/\",\"logo\":{\"@type\":\"ImageObject\",\"inLanguage\":\"es\",\"@id\":\"https:\\\/\\\/hivefive.ad\\\/es\\\/#\\\/schema\\\/logo\\\/image\\\/\",\"url\":\"https:\\\/\\\/hivefive.ad\\\/wp-content\\\/uploads\\\/2026\\\/04\\\/cropped-cropped-cropped-Logo_Coworking_Work_H_Colors-1-copia-scaled-1-e1775747728496.png\",\"contentUrl\":\"https:\\\/\\\/hivefive.ad\\\/wp-content\\\/uploads\\\/2026\\\/04\\\/cropped-cropped-cropped-Logo_Coworking_Work_H_Colors-1-copia-scaled-1-e1775747728496.png\",\"width\":497,\"height\":142,\"caption\":\"Hive Five\"},\"image\":{\"@id\":\"https:\\\/\\\/hivefive.ad\\\/es\\\/#\\\/schema\\\/logo\\\/image\\\/\"},\"sameAs\":[\"https:\\\/\\\/www.facebook.com\\\/HiveFiveAd\",\"https:\\\/\\\/www.instagram.com\\\/hivefivead\\\/\"]},{\"@type\":\"Person\",\"@id\":\"https:\\\/\\\/hivefive.ad\\\/es\\\/#\\\/schema\\\/person\\\/eea0b90f58319f98dc9dbdf05a3b0087\",\"name\":\"admin\",\"image\":{\"@type\":\"ImageObject\",\"inLanguage\":\"es\",\"@id\":\"https:\\\/\\\/secure.gravatar.com\\\/avatar\\\/236076b469cbb8e4f59db1a77aa3901278b262b62436b8dfc84ec17203c455d6?s=96&d=mm&r=g\",\"url\":\"https:\\\/\\\/secure.gravatar.com\\\/avatar\\\/236076b469cbb8e4f59db1a77aa3901278b262b62436b8dfc84ec17203c455d6?s=96&d=mm&r=g\",\"contentUrl\":\"https:\\\/\\\/secure.gravatar.com\\\/avatar\\\/236076b469cbb8e4f59db1a77aa3901278b262b62436b8dfc84ec17203c455d6?s=96&d=mm&r=g\",\"caption\":\"admin\"},\"sameAs\":[\"https:\\\/\\\/hivefive.ad\"],\"url\":\"https:\\\/\\\/hivefive.ad\\\/es\\\/author\\\/cristina\\\/\"}]}<\/script>\n<!-- \/ Yoast SEO plugin. -->","yoast_head_json":{"title":"Hive Five Coworking Andorra inaugura un nou espai \u00fanic al pa\u00eds amb serveis pioners i nova imatge corporativa. | Hive Five","robots":{"index":"index","follow":"follow","max-snippet":"max-snippet:-1","max-image-preview":"max-image-preview:large","max-video-preview":"max-video-preview:-1"},"canonical":"https:\/\/hivefive.ad\/es\/inauguracio-hive-five-coworking\/","og_locale":"es_ES","og_type":"article","og_title":"Hive Five Coworking Andorra inaugura un nou espai \u00fanic al pa\u00eds amb serveis pioners i nova imatge corporativa. | Hive Five","og_description":"Coincidint amb el quart aniversari del coworking andorr\u00e0, Hive Five disposar\u00e0 tamb\u00e9 [&hellip;]","og_url":"https:\/\/hivefive.ad\/es\/inauguracio-hive-five-coworking\/","og_site_name":"Hive Five","article_publisher":"https:\/\/www.facebook.com\/HiveFiveAd","article_published_time":"2024-11-16T18:31:44+00:00","article_modified_time":"2026-08-20T09:06:58+00:00","og_image":[{"width":1200,"height":800,"url":"https:\/\/hivefive.ad\/wp-content\/uploads\/2024\/11\/inauguracio-Hive-Five.jpg","type":"image\/jpeg"}],"author":"admin","twitter_card":"summary_large_image","twitter_misc":{"Escrito por":"admin","Tiempo de lectura":"2 minutos"},"schema":{"@context":"https:\/\/schema.org","@graph":[{"@type":"Article","@id":"https:\/\/hivefive.ad\/es\/inauguracio-hive-five-coworking\/#article","isPartOf":{"@id":"https:\/\/hivefive.ad\/es\/inauguracio-hive-five-coworking\/"},"author":{"name":"admin","@id":"https:\/\/hivefive.ad\/es\/#\/schema\/person\/eea0b90f58319f98dc9dbdf05a3b0087"},"headline":"Hive Five Coworking Andorra inaugura un nou espai \u00fanic al pa\u00eds amb serveis pioners i nova imatge corporativa.","datePublished":"2024-11-16T18:31:44+00:00","dateModified":"2026-08-20T09:06:58+00:00","mainEntityOfPage":{"@id":"https:\/\/hivefive.ad\/es\/inauguracio-hive-five-coworking\/"},"wordCount":497,"commentCount":0,"publisher":{"@id":"https:\/\/hivefive.ad\/es\/#organization"},"image":{"@id":"https:\/\/hivefive.ad\/es\/inauguracio-hive-five-coworking\/#primaryimage"},"thumbnailUrl":"https:\/\/hivefive.ad\/wp-content\/uploads\/2024\/11\/inauguracio-Hive-Five.jpg","articleSection":["Hive Five"],"inLanguage":"es","potentialAction":[{"@type":"CommentAction","name":"Comment","target":["https:\/\/hivefive.ad\/es\/inauguracio-hive-five-coworking\/#respond"]}]},{"@type":"WebPage","@id":"https:\/\/hivefive.ad\/es\/inauguracio-hive-five-coworking\/","url":"https:\/\/hivefive.ad\/es\/inauguracio-hive-five-coworking\/","name":"Hive Five Coworking Andorra inaugura un nou espai \u00fanic al pa\u00eds amb serveis pioners i nova imatge corporativa. | Hive Five","isPartOf":{"@id":"https:\/\/hivefive.ad\/es\/#website"},"primaryImageOfPage":{"@id":"https:\/\/hivefive.ad\/es\/inauguracio-hive-five-coworking\/#primaryimage"},"image":{"@id":"https:\/\/hivefive.ad\/es\/inauguracio-hive-five-coworking\/#primaryimage"},"thumbnailUrl":"https:\/\/hivefive.ad\/wp-content\/uploads\/2024\/11\/inauguracio-Hive-Five.jpg","datePublished":"2024-11-16T18:31:44+00:00","dateModified":"2026-08-20T09:06:58+00:00","breadcrumb":{"@id":"https:\/\/hivefive.ad\/es\/inauguracio-hive-five-coworking\/#breadcrumb"},"inLanguage":"es","potentialAction":[{"@type":"ReadAction","target":["https:\/\/hivefive.ad\/es\/inauguracio-hive-five-coworking\/"]}]},{"@type":"ImageObject","inLanguage":"es","@id":"https:\/\/hivefive.ad\/es\/inauguracio-hive-five-coworking\/#primaryimage","url":"https:\/\/hivefive.ad\/wp-content\/uploads\/2024\/11\/inauguracio-Hive-Five.jpg","contentUrl":"https:\/\/hivefive.ad\/wp-content\/uploads\/2024\/11\/inauguracio-Hive-Five.jpg","width":1200,"height":800},{"@type":"BreadcrumbList","@id":"https:\/\/hivefive.ad\/es\/inauguracio-hive-five-coworking\/#breadcrumb","itemListElement":[{"@type":"ListItem","position":1,"name":"Inici","item":"https:\/\/hivefive.ad\/es\/"},{"@type":"ListItem","position":2,"name":"Hive Five Coworking Andorra inaugura un nou espai \u00fanic al pa\u00eds amb serveis pioners i nova imatge corporativa."}]},{"@type":"WebSite","@id":"https:\/\/hivefive.ad\/es\/#website","url":"https:\/\/hivefive.ad\/es\/","name":"Hive Five","description":"El teu coworking a Andorra","publisher":{"@id":"https:\/\/hivefive.ad\/es\/#organization"},"potentialAction":[{"@type":"SearchAction","target":{"@type":"EntryPoint","urlTemplate":"https:\/\/hivefive.ad\/es\/?s={search_term_string}"},"query-input":{"@type":"PropertyValueSpecification","valueRequired":true,"valueName":"search_term_string"}}],"inLanguage":"es"},{"@type":"Organization","@id":"https:\/\/hivefive.ad\/es\/#organization","name":"Hive Five","url":"https:\/\/hivefive.ad\/es\/","logo":{"@type":"ImageObject","inLanguage":"es","@id":"https:\/\/hivefive.ad\/es\/#\/schema\/logo\/image\/","url":"https:\/\/hivefive.ad\/wp-content\/uploads\/2026\/04\/cropped-cropped-cropped-Logo_Coworking_Work_H_Colors-1-copia-scaled-1-e1775747728496.png","contentUrl":"https:\/\/hivefive.ad\/wp-content\/uploads\/2026\/04\/cropped-cropped-cropped-Logo_Coworking_Work_H_Colors-1-copia-scaled-1-e1775747728496.png","width":497,"height":142,"caption":"Hive Five"},"image":{"@id":"https:\/\/hivefive.ad\/es\/#\/schema\/logo\/image\/"},"sameAs":["https:\/\/www.facebook.com\/HiveFiveAd","https:\/\/www.instagram.com\/hivefivead\/"]},{"@type":"Person","@id":"https:\/\/hivefive.ad\/es\/#\/schema\/person\/eea0b90f58319f98dc9dbdf05a3b0087","name":"admin","image":{"@type":"ImageObject","inLanguage":"es","@id":"https:\/\/secure.gravatar.com\/avatar\/236076b469cbb8e4f59db1a77aa3901278b262b62436b8dfc84ec17203c455d6?s=96&d=mm&r=g","url":"https:\/\/secure.gravatar.com\/avatar\/236076b469cbb8e4f59db1a77aa3901278b262b62436b8dfc84ec17203c455d6?s=96&d=mm&r=g","contentUrl":"https:\/\/secure.gravatar.com\/avatar\/236076b469cbb8e4f59db1a77aa3901278b262b62436b8dfc84ec17203c455d6?s=96&d=mm&r=g","caption":"admin"},"sameAs":["https:\/\/hivefive.ad"],"url":"https:\/\/hivefive.ad\/es\/author\/cristina\/"}]}},"_links":{"self":[{"href":"https:\/\/hivefive.ad\/es\/wp-json\/wp\/v2\/posts\/17416","targetHints":{"allow":["GET"]}}],"collection":[{"href":"https:\/\/hivefive.ad\/es\/wp-json\/wp\/v2\/posts"}],"about":[{"href":"https:\/\/hivefive.ad\/es\/wp-json\/wp\/v2\/types\/post"}],"author":[{"embeddable":true,"href":"https:\/\/hivefive.ad\/es\/wp-json\/wp\/v2\/users\/1"}],"replies":[{"embeddable":true,"href":"https:\/\/hivefive.ad\/es\/wp-json\/wp\/v2\/comments?post=17416"}],"version-history":[{"count":1,"href":"https:\/\/hivefive.ad\/es\/wp-json\/wp\/v2\/posts\/17416\/revisions"}],"predecessor-version":[{"id":17420,"href":"https:\/\/hivefive.ad\/es\/wp-json\/wp\/v2\/posts\/17416\/revisions\/17420"}],"wp:featuredmedia":[{"embeddable":true,"href":"https:\/\/hivefive.ad\/es\/wp-json\/wp\/v2\/media\/17417"}],"wp:attachment":[{"href":"https:\/\/hivefive.ad\/es\/wp-json\/wp\/v2\/media?parent=17416"}],"wp:term":[{"taxonomy":"category","embeddable":true,"href":"https:\/\/hivefive.ad\/es\/wp-json\/wp\/v2\/categories?post=17416"},{"taxonomy":"post_tag","embeddable":true,"href":"https:\/\/hivefive.ad\/es\/wp-json\/wp\/v2\/tags?post=17416"}],"curies":[{"name":"wp","href":"https:\/\/api.w.org\/{rel}","templated":true}]}}