{"id":17393,"date":"2026-02-12T18:48:00","date_gmt":"2026-02-12T17:48:00","guid":{"rendered":"https:\/\/hivefive.ad\/hive-five-presenta-primera-trobada-de-tech-lab-aprendre-connecta-eines-ia-innovadores\/"},"modified":"2026-08-20T11:06:03","modified_gmt":"2026-08-20T09:06:03","slug":"hive-five-presenta-primera-trobada-de-tech-lab-aprendre-connecta-eines-ia-innovadores","status":"publish","type":"post","link":"https:\/\/hivefive.ad\/en\/hive-five-presenta-primera-trobada-de-tech-lab-aprendre-connecta-eines-ia-innovadores\/","title":{"rendered":"Hive Five presenta la primera trobada de TECH LAB: aprendre i connectar amb les eines d\u2019IA m\u00e9s innovadores"},"content":{"rendered":"\n<p class=\"wp-block-paragraph\"><em>La nova secci\u00f3 de Hive Five dedicada a les noves tecnologies i la intel\u00b7lig\u00e8ncia Artificial, acull la primera trobada amb una setantena de participants.<\/em><\/p>\n\n\n\n<p class=\"wp-block-paragraph\">Hive Five Coworking estrena TECH LAB, un espai obert per connectar, aprendre i aplicar les noves tecnologies en el dia a dia de les persones. Aquesta nova l\u00ednia de formaci\u00f3 que combina xerrades, tallers i sessions pr\u00e0ctiques, ha arrencat amb el seu primer taller el dia 5 de febrer amb l\u2019assist\u00e8ncia d\u2019unes 70 persones.<\/p>\n\n\n\n<p class=\"wp-block-paragraph\">Aquesta primera trobada, coorganitzat amb Jean Briac, reconegut expert franc\u00f2fon en la implantaci\u00f3 d\u2019IA per a TPE\/PME i amb m\u00e9s de 150.000 seguidors a LinkedIn, ha perm\u00e8s als assistents participar en una petita formaci\u00f3 gratu\u00efta en intel\u00b7lig\u00e8ncia artificial i acc\u00e9s exclusiu per estar al dia de les \u00faltimes novetats en IA. <\/p>\n\n\n\n<blockquote class=\"wp-block-quote is-layout-flow wp-block-quote-is-layout-flow\">\n<p class=\"wp-block-paragraph\">Briac, juntament amb l\u2019equip de Hive Five, ser\u00e0 una de les persones encarregades de potenciar TECH LAB, aquesta nova l\u00ednia formativa, i cada dos mesos portar\u00e0 temes relacionats amb la intel\u00b7lig\u00e8ncia artificial per seguir impulsant la innovaci\u00f3 i el creixement dins de la comunitat.<\/p>\n<\/blockquote>\n\n\n\n<p class=\"wp-block-paragraph\">Durant l\u2019esdeveniment, els participants van tenir l\u2019oportunitat de con\u00e8ixer de primera m\u00e0 les millors eines d\u2019intel\u00b7lig\u00e8ncia artificial del moment, amb demostracions en viu de solucions com Lovable, ChatGPT, Sembly, Gamma i N8N, entre d\u2019altres, pensades per automatitzar processos i impulsar el creixement empresarial.<\/p>\n\n\n\n<p class=\"wp-block-paragraph\">L\u2019objectiu de TECH LAB by Hive Five \u00e9s oferir un entorn d\u2019aprenentatge pr\u00e0ctic, fomentant l\u2019intercanvi d\u2019experi\u00e8ncies i el networking de qualitat, alhora que impulsa la innovaci\u00f3 i la col\u00b7laboraci\u00f3 en temes relacionats amb les noves tecnologies i la intel\u00b7lig\u00e8ncia artificial.<\/p>\n\n\n\n<p class=\"wp-block-paragraph\">Shared workspaces are buzzing with energy, ideas, and collaboration \u2014 but that same energy can easily turn into distraction. Whether you\u2019re a freelancer seeking quiet focus or part of a startup chasing deadlines, these five strategies will help you stay sharp, organized,<\/p>\n","protected":false},"excerpt":{"rendered":"<p>La nova secci\u00f3 de Hive Five dedicada a les noves tecnologies i [&hellip;]<\/p>\n","protected":false},"author":1,"featured_media":17394,"comment_status":"open","ping_status":"open","sticky":false,"template":"","format":"standard","meta":{"footnotes":""},"categories":[147,148],"tags":[],"class_list":["post-17393","post","type-post","status-publish","format-standard","has-post-thumbnail","hentry","category-esdeveniments","category-tech-lab"],"yoast_head":"<!-- This site is optimized with the Yoast SEO plugin v28.2 - https:\/\/yoast.com\/product\/yoast-seo-wordpress\/ -->\n<title>Hive Five presenta la primera trobada de TECH LAB: aprendre i connectar amb les eines d\u2019IA m\u00e9s innovadores | Hive Five<\/title>\n<meta name=\"robots\" content=\"index, follow, max-snippet:-1, max-image-preview:large, max-video-preview:-1\" \/>\n<link rel=\"canonical\" href=\"https:\/\/hivefive.ad\/en\/hive-five-presenta-primera-trobada-de-tech-lab-aprendre-connecta-eines-ia-innovadores\/\" \/>\n<meta property=\"og:locale\" content=\"en_US\" \/>\n<meta property=\"og:type\" content=\"article\" \/>\n<meta property=\"og:title\" content=\"Hive Five presenta la primera trobada de TECH LAB: aprendre i connectar amb les eines d\u2019IA m\u00e9s innovadores | Hive Five\" \/>\n<meta property=\"og:description\" content=\"La nova secci\u00f3 de Hive Five dedicada a les noves tecnologies i [&hellip;]\" \/>\n<meta property=\"og:url\" content=\"https:\/\/hivefive.ad\/en\/hive-five-presenta-primera-trobada-de-tech-lab-aprendre-connecta-eines-ia-innovadores\/\" \/>\n<meta property=\"og:site_name\" content=\"Hive Five\" \/>\n<meta property=\"article:publisher\" content=\"https:\/\/www.facebook.com\/HiveFiveAd\" \/>\n<meta property=\"article:published_time\" content=\"2026-02-12T17:48:00+00:00\" \/>\n<meta property=\"article:modified_time\" content=\"2026-08-20T09:06:03+00:00\" \/>\n<meta property=\"og:image\" content=\"https:\/\/hivefive.ad\/wp-content\/uploads\/2025\/09\/Tech-Lab-Hive-Five-800x450-1.jpg\" \/>\n\t<meta property=\"og:image:width\" content=\"800\" \/>\n\t<meta property=\"og:image:height\" content=\"450\" \/>\n\t<meta property=\"og:image:type\" content=\"image\/jpeg\" \/>\n<meta name=\"author\" content=\"admin\" \/>\n<meta name=\"twitter:card\" content=\"summary_large_image\" \/>\n<meta name=\"twitter:label1\" content=\"Written by\" \/>\n\t<meta name=\"twitter:data1\" content=\"admin\" \/>\n\t<meta name=\"twitter:label2\" content=\"Est. reading time\" \/>\n\t<meta name=\"twitter:data2\" content=\"2 minutes\" \/>\n<script type=\"application\/ld+json\" class=\"yoast-schema-graph\">{\"@context\":\"https:\\\/\\\/schema.org\",\"@graph\":[{\"@type\":\"Article\",\"@id\":\"https:\\\/\\\/hivefive.ad\\\/en\\\/hive-five-presenta-primera-trobada-de-tech-lab-aprendre-connecta-eines-ia-innovadores\\\/#article\",\"isPartOf\":{\"@id\":\"https:\\\/\\\/hivefive.ad\\\/en\\\/hive-five-presenta-primera-trobada-de-tech-lab-aprendre-connecta-eines-ia-innovadores\\\/\"},\"author\":{\"name\":\"admin\",\"@id\":\"https:\\\/\\\/hivefive.ad\\\/es\\\/#\\\/schema\\\/person\\\/eea0b90f58319f98dc9dbdf05a3b0087\"},\"headline\":\"Hive Five presenta la primera trobada de TECH LAB: aprendre i connectar amb les eines d\u2019IA m\u00e9s innovadores\",\"datePublished\":\"2026-02-12T17:48:00+00:00\",\"dateModified\":\"2026-08-20T09:06:03+00:00\",\"mainEntityOfPage\":{\"@id\":\"https:\\\/\\\/hivefive.ad\\\/en\\\/hive-five-presenta-primera-trobada-de-tech-lab-aprendre-connecta-eines-ia-innovadores\\\/\"},\"wordCount\":352,\"commentCount\":0,\"publisher\":{\"@id\":\"https:\\\/\\\/hivefive.ad\\\/es\\\/#organization\"},\"image\":{\"@id\":\"https:\\\/\\\/hivefive.ad\\\/en\\\/hive-five-presenta-primera-trobada-de-tech-lab-aprendre-connecta-eines-ia-innovadores\\\/#primaryimage\"},\"thumbnailUrl\":\"https:\\\/\\\/hivefive.ad\\\/wp-content\\\/uploads\\\/2025\\\/09\\\/Tech-Lab-Hive-Five-800x450-1.jpg\",\"articleSection\":[\"Esdeveniments\",\"Tech Lab\"],\"inLanguage\":\"en-US\",\"potentialAction\":[{\"@type\":\"CommentAction\",\"name\":\"Comment\",\"target\":[\"https:\\\/\\\/hivefive.ad\\\/en\\\/hive-five-presenta-primera-trobada-de-tech-lab-aprendre-connecta-eines-ia-innovadores\\\/#respond\"]}]},{\"@type\":\"WebPage\",\"@id\":\"https:\\\/\\\/hivefive.ad\\\/en\\\/hive-five-presenta-primera-trobada-de-tech-lab-aprendre-connecta-eines-ia-innovadores\\\/\",\"url\":\"https:\\\/\\\/hivefive.ad\\\/en\\\/hive-five-presenta-primera-trobada-de-tech-lab-aprendre-connecta-eines-ia-innovadores\\\/\",\"name\":\"Hive Five presenta la primera trobada de TECH LAB: aprendre i connectar amb les eines d\u2019IA m\u00e9s innovadores | Hive Five\",\"isPartOf\":{\"@id\":\"https:\\\/\\\/hivefive.ad\\\/es\\\/#website\"},\"primaryImageOfPage\":{\"@id\":\"https:\\\/\\\/hivefive.ad\\\/en\\\/hive-five-presenta-primera-trobada-de-tech-lab-aprendre-connecta-eines-ia-innovadores\\\/#primaryimage\"},\"image\":{\"@id\":\"https:\\\/\\\/hivefive.ad\\\/en\\\/hive-five-presenta-primera-trobada-de-tech-lab-aprendre-connecta-eines-ia-innovadores\\\/#primaryimage\"},\"thumbnailUrl\":\"https:\\\/\\\/hivefive.ad\\\/wp-content\\\/uploads\\\/2025\\\/09\\\/Tech-Lab-Hive-Five-800x450-1.jpg\",\"datePublished\":\"2026-02-12T17:48:00+00:00\",\"dateModified\":\"2026-08-20T09:06:03+00:00\",\"breadcrumb\":{\"@id\":\"https:\\\/\\\/hivefive.ad\\\/en\\\/hive-five-presenta-primera-trobada-de-tech-lab-aprendre-connecta-eines-ia-innovadores\\\/#breadcrumb\"},\"inLanguage\":\"en-US\",\"potentialAction\":[{\"@type\":\"ReadAction\",\"target\":[\"https:\\\/\\\/hivefive.ad\\\/en\\\/hive-five-presenta-primera-trobada-de-tech-lab-aprendre-connecta-eines-ia-innovadores\\\/\"]}]},{\"@type\":\"ImageObject\",\"inLanguage\":\"en-US\",\"@id\":\"https:\\\/\\\/hivefive.ad\\\/en\\\/hive-five-presenta-primera-trobada-de-tech-lab-aprendre-connecta-eines-ia-innovadores\\\/#primaryimage\",\"url\":\"https:\\\/\\\/hivefive.ad\\\/wp-content\\\/uploads\\\/2025\\\/09\\\/Tech-Lab-Hive-Five-800x450-1.jpg\",\"contentUrl\":\"https:\\\/\\\/hivefive.ad\\\/wp-content\\\/uploads\\\/2025\\\/09\\\/Tech-Lab-Hive-Five-800x450-1.jpg\",\"width\":800,\"height\":450},{\"@type\":\"BreadcrumbList\",\"@id\":\"https:\\\/\\\/hivefive.ad\\\/en\\\/hive-five-presenta-primera-trobada-de-tech-lab-aprendre-connecta-eines-ia-innovadores\\\/#breadcrumb\",\"itemListElement\":[{\"@type\":\"ListItem\",\"position\":1,\"name\":\"Inici\",\"item\":\"https:\\\/\\\/hivefive.ad\\\/\"},{\"@type\":\"ListItem\",\"position\":2,\"name\":\"Hive Five presenta la primera trobada de TECH LAB: aprendre i connectar amb les eines d\u2019IA m\u00e9s innovadores\"}]},{\"@type\":\"WebSite\",\"@id\":\"https:\\\/\\\/hivefive.ad\\\/es\\\/#website\",\"url\":\"https:\\\/\\\/hivefive.ad\\\/es\\\/\",\"name\":\"Hive Five\",\"description\":\"El teu coworking a Andorra\",\"publisher\":{\"@id\":\"https:\\\/\\\/hivefive.ad\\\/es\\\/#organization\"},\"potentialAction\":[{\"@type\":\"SearchAction\",\"target\":{\"@type\":\"EntryPoint\",\"urlTemplate\":\"https:\\\/\\\/hivefive.ad\\\/es\\\/?s={search_term_string}\"},\"query-input\":{\"@type\":\"PropertyValueSpecification\",\"valueRequired\":true,\"valueName\":\"search_term_string\"}}],\"inLanguage\":\"en-US\"},{\"@type\":\"Organization\",\"@id\":\"https:\\\/\\\/hivefive.ad\\\/es\\\/#organization\",\"name\":\"Hive Five\",\"url\":\"https:\\\/\\\/hivefive.ad\\\/es\\\/\",\"logo\":{\"@type\":\"ImageObject\",\"inLanguage\":\"en-US\",\"@id\":\"https:\\\/\\\/hivefive.ad\\\/es\\\/#\\\/schema\\\/logo\\\/image\\\/\",\"url\":\"https:\\\/\\\/hivefive.ad\\\/wp-content\\\/uploads\\\/2026\\\/04\\\/cropped-cropped-cropped-Logo_Coworking_Work_H_Colors-1-copia-scaled-1-e1775747728496.png\",\"contentUrl\":\"https:\\\/\\\/hivefive.ad\\\/wp-content\\\/uploads\\\/2026\\\/04\\\/cropped-cropped-cropped-Logo_Coworking_Work_H_Colors-1-copia-scaled-1-e1775747728496.png\",\"width\":497,\"height\":142,\"caption\":\"Hive Five\"},\"image\":{\"@id\":\"https:\\\/\\\/hivefive.ad\\\/es\\\/#\\\/schema\\\/logo\\\/image\\\/\"},\"sameAs\":[\"https:\\\/\\\/www.facebook.com\\\/HiveFiveAd\",\"https:\\\/\\\/www.instagram.com\\\/hivefivead\\\/\"]},{\"@type\":\"Person\",\"@id\":\"https:\\\/\\\/hivefive.ad\\\/es\\\/#\\\/schema\\\/person\\\/eea0b90f58319f98dc9dbdf05a3b0087\",\"name\":\"admin\",\"image\":{\"@type\":\"ImageObject\",\"inLanguage\":\"en-US\",\"@id\":\"https:\\\/\\\/secure.gravatar.com\\\/avatar\\\/236076b469cbb8e4f59db1a77aa3901278b262b62436b8dfc84ec17203c455d6?s=96&d=mm&r=g\",\"url\":\"https:\\\/\\\/secure.gravatar.com\\\/avatar\\\/236076b469cbb8e4f59db1a77aa3901278b262b62436b8dfc84ec17203c455d6?s=96&d=mm&r=g\",\"contentUrl\":\"https:\\\/\\\/secure.gravatar.com\\\/avatar\\\/236076b469cbb8e4f59db1a77aa3901278b262b62436b8dfc84ec17203c455d6?s=96&d=mm&r=g\",\"caption\":\"admin\"},\"sameAs\":[\"https:\\\/\\\/hivefive.ad\"],\"url\":\"https:\\\/\\\/hivefive.ad\\\/en\\\/author\\\/cristina\\\/\"}]}<\/script>\n<!-- \/ Yoast SEO plugin. -->","yoast_head_json":{"title":"Hive Five presenta la primera trobada de TECH LAB: aprendre i connectar amb les eines d\u2019IA m\u00e9s innovadores | Hive Five","robots":{"index":"index","follow":"follow","max-snippet":"max-snippet:-1","max-image-preview":"max-image-preview:large","max-video-preview":"max-video-preview:-1"},"canonical":"https:\/\/hivefive.ad\/en\/hive-five-presenta-primera-trobada-de-tech-lab-aprendre-connecta-eines-ia-innovadores\/","og_locale":"en_US","og_type":"article","og_title":"Hive Five presenta la primera trobada de TECH LAB: aprendre i connectar amb les eines d\u2019IA m\u00e9s innovadores | Hive Five","og_description":"La nova secci\u00f3 de Hive Five dedicada a les noves tecnologies i [&hellip;]","og_url":"https:\/\/hivefive.ad\/en\/hive-five-presenta-primera-trobada-de-tech-lab-aprendre-connecta-eines-ia-innovadores\/","og_site_name":"Hive Five","article_publisher":"https:\/\/www.facebook.com\/HiveFiveAd","article_published_time":"2026-02-12T17:48:00+00:00","article_modified_time":"2026-08-20T09:06:03+00:00","og_image":[{"width":800,"height":450,"url":"https:\/\/hivefive.ad\/wp-content\/uploads\/2025\/09\/Tech-Lab-Hive-Five-800x450-1.jpg","type":"image\/jpeg"}],"author":"admin","twitter_card":"summary_large_image","twitter_misc":{"Written by":"admin","Est. reading time":"2 minutes"},"schema":{"@context":"https:\/\/schema.org","@graph":[{"@type":"Article","@id":"https:\/\/hivefive.ad\/en\/hive-five-presenta-primera-trobada-de-tech-lab-aprendre-connecta-eines-ia-innovadores\/#article","isPartOf":{"@id":"https:\/\/hivefive.ad\/en\/hive-five-presenta-primera-trobada-de-tech-lab-aprendre-connecta-eines-ia-innovadores\/"},"author":{"name":"admin","@id":"https:\/\/hivefive.ad\/es\/#\/schema\/person\/eea0b90f58319f98dc9dbdf05a3b0087"},"headline":"Hive Five presenta la primera trobada de TECH LAB: aprendre i connectar amb les eines d\u2019IA m\u00e9s innovadores","datePublished":"2026-02-12T17:48:00+00:00","dateModified":"2026-08-20T09:06:03+00:00","mainEntityOfPage":{"@id":"https:\/\/hivefive.ad\/en\/hive-five-presenta-primera-trobada-de-tech-lab-aprendre-connecta-eines-ia-innovadores\/"},"wordCount":352,"commentCount":0,"publisher":{"@id":"https:\/\/hivefive.ad\/es\/#organization"},"image":{"@id":"https:\/\/hivefive.ad\/en\/hive-five-presenta-primera-trobada-de-tech-lab-aprendre-connecta-eines-ia-innovadores\/#primaryimage"},"thumbnailUrl":"https:\/\/hivefive.ad\/wp-content\/uploads\/2025\/09\/Tech-Lab-Hive-Five-800x450-1.jpg","articleSection":["Esdeveniments","Tech Lab"],"inLanguage":"en-US","potentialAction":[{"@type":"CommentAction","name":"Comment","target":["https:\/\/hivefive.ad\/en\/hive-five-presenta-primera-trobada-de-tech-lab-aprendre-connecta-eines-ia-innovadores\/#respond"]}]},{"@type":"WebPage","@id":"https:\/\/hivefive.ad\/en\/hive-five-presenta-primera-trobada-de-tech-lab-aprendre-connecta-eines-ia-innovadores\/","url":"https:\/\/hivefive.ad\/en\/hive-five-presenta-primera-trobada-de-tech-lab-aprendre-connecta-eines-ia-innovadores\/","name":"Hive Five presenta la primera trobada de TECH LAB: aprendre i connectar amb les eines d\u2019IA m\u00e9s innovadores | Hive Five","isPartOf":{"@id":"https:\/\/hivefive.ad\/es\/#website"},"primaryImageOfPage":{"@id":"https:\/\/hivefive.ad\/en\/hive-five-presenta-primera-trobada-de-tech-lab-aprendre-connecta-eines-ia-innovadores\/#primaryimage"},"image":{"@id":"https:\/\/hivefive.ad\/en\/hive-five-presenta-primera-trobada-de-tech-lab-aprendre-connecta-eines-ia-innovadores\/#primaryimage"},"thumbnailUrl":"https:\/\/hivefive.ad\/wp-content\/uploads\/2025\/09\/Tech-Lab-Hive-Five-800x450-1.jpg","datePublished":"2026-02-12T17:48:00+00:00","dateModified":"2026-08-20T09:06:03+00:00","breadcrumb":{"@id":"https:\/\/hivefive.ad\/en\/hive-five-presenta-primera-trobada-de-tech-lab-aprendre-connecta-eines-ia-innovadores\/#breadcrumb"},"inLanguage":"en-US","potentialAction":[{"@type":"ReadAction","target":["https:\/\/hivefive.ad\/en\/hive-five-presenta-primera-trobada-de-tech-lab-aprendre-connecta-eines-ia-innovadores\/"]}]},{"@type":"ImageObject","inLanguage":"en-US","@id":"https:\/\/hivefive.ad\/en\/hive-five-presenta-primera-trobada-de-tech-lab-aprendre-connecta-eines-ia-innovadores\/#primaryimage","url":"https:\/\/hivefive.ad\/wp-content\/uploads\/2025\/09\/Tech-Lab-Hive-Five-800x450-1.jpg","contentUrl":"https:\/\/hivefive.ad\/wp-content\/uploads\/2025\/09\/Tech-Lab-Hive-Five-800x450-1.jpg","width":800,"height":450},{"@type":"BreadcrumbList","@id":"https:\/\/hivefive.ad\/en\/hive-five-presenta-primera-trobada-de-tech-lab-aprendre-connecta-eines-ia-innovadores\/#breadcrumb","itemListElement":[{"@type":"ListItem","position":1,"name":"Inici","item":"https:\/\/hivefive.ad\/"},{"@type":"ListItem","position":2,"name":"Hive Five presenta la primera trobada de TECH LAB: aprendre i connectar amb les eines d\u2019IA m\u00e9s innovadores"}]},{"@type":"WebSite","@id":"https:\/\/hivefive.ad\/es\/#website","url":"https:\/\/hivefive.ad\/es\/","name":"Hive Five","description":"El teu coworking a Andorra","publisher":{"@id":"https:\/\/hivefive.ad\/es\/#organization"},"potentialAction":[{"@type":"SearchAction","target":{"@type":"EntryPoint","urlTemplate":"https:\/\/hivefive.ad\/es\/?s={search_term_string}"},"query-input":{"@type":"PropertyValueSpecification","valueRequired":true,"valueName":"search_term_string"}}],"inLanguage":"en-US"},{"@type":"Organization","@id":"https:\/\/hivefive.ad\/es\/#organization","name":"Hive Five","url":"https:\/\/hivefive.ad\/es\/","logo":{"@type":"ImageObject","inLanguage":"en-US","@id":"https:\/\/hivefive.ad\/es\/#\/schema\/logo\/image\/","url":"https:\/\/hivefive.ad\/wp-content\/uploads\/2026\/04\/cropped-cropped-cropped-Logo_Coworking_Work_H_Colors-1-copia-scaled-1-e1775747728496.png","contentUrl":"https:\/\/hivefive.ad\/wp-content\/uploads\/2026\/04\/cropped-cropped-cropped-Logo_Coworking_Work_H_Colors-1-copia-scaled-1-e1775747728496.png","width":497,"height":142,"caption":"Hive Five"},"image":{"@id":"https:\/\/hivefive.ad\/es\/#\/schema\/logo\/image\/"},"sameAs":["https:\/\/www.facebook.com\/HiveFiveAd","https:\/\/www.instagram.com\/hivefivead\/"]},{"@type":"Person","@id":"https:\/\/hivefive.ad\/es\/#\/schema\/person\/eea0b90f58319f98dc9dbdf05a3b0087","name":"admin","image":{"@type":"ImageObject","inLanguage":"en-US","@id":"https:\/\/secure.gravatar.com\/avatar\/236076b469cbb8e4f59db1a77aa3901278b262b62436b8dfc84ec17203c455d6?s=96&d=mm&r=g","url":"https:\/\/secure.gravatar.com\/avatar\/236076b469cbb8e4f59db1a77aa3901278b262b62436b8dfc84ec17203c455d6?s=96&d=mm&r=g","contentUrl":"https:\/\/secure.gravatar.com\/avatar\/236076b469cbb8e4f59db1a77aa3901278b262b62436b8dfc84ec17203c455d6?s=96&d=mm&r=g","caption":"admin"},"sameAs":["https:\/\/hivefive.ad"],"url":"https:\/\/hivefive.ad\/en\/author\/cristina\/"}]}},"_links":{"self":[{"href":"https:\/\/hivefive.ad\/en\/wp-json\/wp\/v2\/posts\/17393","targetHints":{"allow":["GET"]}}],"collection":[{"href":"https:\/\/hivefive.ad\/en\/wp-json\/wp\/v2\/posts"}],"about":[{"href":"https:\/\/hivefive.ad\/en\/wp-json\/wp\/v2\/types\/post"}],"author":[{"embeddable":true,"href":"https:\/\/hivefive.ad\/en\/wp-json\/wp\/v2\/users\/1"}],"replies":[{"embeddable":true,"href":"https:\/\/hivefive.ad\/en\/wp-json\/wp\/v2\/comments?post=17393"}],"version-history":[{"count":1,"href":"https:\/\/hivefive.ad\/en\/wp-json\/wp\/v2\/posts\/17393\/revisions"}],"predecessor-version":[{"id":17399,"href":"https:\/\/hivefive.ad\/en\/wp-json\/wp\/v2\/posts\/17393\/revisions\/17399"}],"wp:featuredmedia":[{"embeddable":true,"href":"https:\/\/hivefive.ad\/en\/wp-json\/wp\/v2\/media\/17394"}],"wp:attachment":[{"href":"https:\/\/hivefive.ad\/en\/wp-json\/wp\/v2\/media?parent=17393"}],"wp:term":[{"taxonomy":"category","embeddable":true,"href":"https:\/\/hivefive.ad\/en\/wp-json\/wp\/v2\/categories?post=17393"},{"taxonomy":"post_tag","embeddable":true,"href":"https:\/\/hivefive.ad\/en\/wp-json\/wp\/v2\/tags?post=17393"}],"curies":[{"name":"wp","href":"https:\/\/api.w.org\/{rel}","templated":true}]}}